{"id":5918,"date":"2025-05-19T17:43:48","date_gmt":"2025-05-19T15:43:48","guid":{"rendered":"https:\/\/espanolcontacto.unirioja.es\/?p=5918"},"modified":"2025-10-08T09:42:21","modified_gmt":"2025-10-08T07:42:21","slug":"aspectos-gramaticales-de-la-lengua-espanola-en-america-paises-hispanoamericanos","status":"publish","type":"post","link":"https:\/\/espanolcontacto.unirioja.es\/index.php\/2025\/05\/19\/aspectos-gramaticales-de-la-lengua-espanola-en-america-paises-hispanoamericanos\/","title":{"rendered":"Aspectos gramaticales de la lengua espa\u00f1ola en Am\u00e9rica (pa\u00edses hispanoamericanos)"},"content":{"rendered":"<h3>Milagros Aleza-Izquierdo<\/h3>\n<p style=\"text-align: justify;\">En el presente trabajo (cuya redacci\u00f3n se ha realizado entre los a\u00f1os 2020-2024) se exponen algunos de los fen\u00f3menos gramaticales m\u00e1s destacados de la lengua espa\u00f1ola en Am\u00e9rica (siglos XX y XXI), cuyos contenidos se han centrado \u00fanicamente en los pa\u00edses o estados hispanoamericanos, por lo que no se incluyen aqu\u00ed, por ejemplo, las variedades hisp\u00e1nicas en Estados Unidos. Hay que tener en cuenta que no solamente se tratan fen\u00f3menos propios del espa\u00f1ol de Am\u00e9rica (entre ellos, fen\u00f3menos de contacto con otras lenguas, sobre todo con lenguas amerindias), sino tambi\u00e9n algunos que existen en Espa\u00f1a, ya que, por la intensidad o la dimensi\u00f3n geogr\u00e1fica en Am\u00e9rica, se hace imprescindible (o necesario) su tratamiento.<\/p>\n<p style=\"text-align: justify;\">Acceso abierto:&nbsp;<a style=\"text-align: left; border: 0px; font-variant-numeric: inherit; font-variant-east-asian: inherit; font-variant-alternates: inherit; font-variant-position: inherit; font-variant-emoji: inherit; font-stretch: inherit; line-height: inherit; font-family: 'Century Gothic', sans-serif; font-optical-sizing: inherit; font-size-adjust: inherit; font-kerning: inherit; font-feature-settings: inherit; font-variation-settings: inherit; margin: 0px; padding: 0px; vertical-align: baseline; outline: 0px; background-color: #ffffff;\" title=\"https:\/\/www.uv.es\/normas\/2024\/anejos\/aleza_libro.pdf\" href=\"https:\/\/www.uv.es\/normas\/2024\/anejos\/aleza_libro.pdf\" target=\"_blank\" rel=\"noopener noreferrer\" data-linkindex=\"0\" data-auth=\"NotApplicable\" data-olk-copy-source=\"MessageBody\">https:\/\/www.uv.es\/normas\/2024\/anejos\/aleza_libro.pdf<\/a><\/p>\n","protected":false},"excerpt":{"rendered":"<p>Milagros Aleza-Izquierdo En el presente trabajo (cuya redacci\u00f3n se ha realizado entre los a\u00f1os 2020-2024) se exponen algunos de los fen\u00f3menos gramaticales m\u00e1s destacados de la lengua espa\u00f1ola en Am\u00e9rica (siglos XX y XXI), cuyos contenidos se han centrado \u00fanicamente en los pa\u00edses o estados hispanoamericanos, por lo que no<\/p>\n","protected":false},"author":3,"featured_media":5920,"comment_status":"open","ping_status":"open","sticky":false,"template":"","format":"standard","meta":{"footnotes":""},"categories":[270,6,8],"tags":[],"_links":{"self":[{"href":"https:\/\/espanolcontacto.unirioja.es\/index.php\/wp-json\/wp\/v2\/posts\/5918"}],"collection":[{"href":"https:\/\/espanolcontacto.unirioja.es\/index.php\/wp-json\/wp\/v2\/posts"}],"about":[{"href":"https:\/\/espanolcontacto.unirioja.es\/index.php\/wp-json\/wp\/v2\/types\/post"}],"author":[{"embeddable":true,"href":"https:\/\/espanolcontacto.unirioja.es\/index.php\/wp-json\/wp\/v2\/users\/3"}],"replies":[{"embeddable":true,"href":"https:\/\/espanolcontacto.unirioja.es\/index.php\/wp-json\/wp\/v2\/comments?post=5918"}],"version-history":[{"count":9,"href":"https:\/\/espanolcontacto.unirioja.es\/index.php\/wp-json\/wp\/v2\/posts\/5918\/revisions"}],"predecessor-version":[{"id":5930,"href":"https:\/\/espanolcontacto.unirioja.es\/index.php\/wp-json\/wp\/v2\/posts\/5918\/revisions\/5930"}],"wp:featuredmedia":[{"embeddable":true,"href":"https:\/\/espanolcontacto.unirioja.es\/index.php\/wp-json\/wp\/v2\/media\/5920"}],"wp:attachment":[{"href":"https:\/\/espanolcontacto.unirioja.es\/index.php\/wp-json\/wp\/v2\/media?parent=5918"}],"wp:term":[{"taxonomy":"category","embeddable":true,"href":"https:\/\/espanolcontacto.unirioja.es\/index.php\/wp-json\/wp\/v2\/categories?post=5918"},{"taxonomy":"post_tag","embeddable":true,"href":"https:\/\/espanolcontacto.unirioja.es\/index.php\/wp-json\/wp\/v2\/tags?post=5918"}],"curies":[{"name":"wp","href":"https:\/\/api.w.org\/{rel}","templated":true}]}}