{"id":5311,"date":"2024-05-14T18:03:46","date_gmt":"2024-05-14T16:03:46","guid":{"rendered":"https:\/\/espanolcontacto.unirioja.es\/?p=5311"},"modified":"2024-05-14T18:03:46","modified_gmt":"2024-05-14T16:03:46","slug":"publicaciones-de-ramon-dandres-diaz","status":"publish","type":"post","link":"https:\/\/espanolcontacto.unirioja.es\/index.php\/2024\/05\/14\/publicaciones-de-ramon-dandres-diaz\/","title":{"rendered":"Publicaciones de Ram\u00f3n d&#8217;Andr\u00e9s D\u00edaz"},"content":{"rendered":"\n<p>D\u2019Andr\u00e9s D\u00edaz, R.&nbsp; 2022. \u201cFrontera ling\u00fc\u00edstica entre el gallegoportugu\u00e9s y el asturleon\u00e9s: el atlas ETLEN\u201d, Isabel Molina Martos &amp; Pilar Garc\u00eda Mouton (eds.), <em>Geoling\u00fc\u00edstica en la Pen\u00ednsula Ib\u00e9rica<\/em>, Madrid: CSIC, 171-200.&nbsp;<\/p>\n\n\n\n<p>D\u2019Andr\u00e9s D\u00edaz, R.&nbsp; 2021. <em>Diccionariu de consultes lling\u00fc\u00edstiques del asturianu<\/em>, Uvi\u00e9u: Ediciones Trabe.&nbsp;<\/p>\n\n\n\n<p>D\u2019Andr\u00e9s D\u00edaz, R.&nbsp; 2020. \u201cLas <em>Glosas Emilianenses <\/em>no son la cuna del castellano\u201d, <em>Origen aragon\u00e9s de las Glosas Emilianenses. Estudios y edici\u00f3n facs\u00edmil<\/em>, Zaragoza: Aladrada Ediciones, 11-18.&nbsp;<\/p>\n\n\n\n<p>D\u2019Andr\u00e9s D\u00edaz, R.&nbsp; 2020. \u201cContacto de lenguas en Asturias: asturiano, \u201camest\u00e1u\u201d y castellano\u201d, Francisco Dubert-Garc\u00eda, V\u00edtor M\u00edguez &amp; Xulio Sousa (eds.), <em>Variedades ling\u00fc\u00edsticas en contacto na Pen\u00ednsula Ib\u00e9rica<\/em>, Santiago de Compostela: Consello da Cultura Galega, 48-79.&nbsp;<\/p>\n\n\n\n<p>D\u2019Andr\u00e9s D\u00edaz, R.&nbsp; 2020. \u201cNuevo atlas ling\u00fc\u00edstico ETLEN, sobre la frontera entre el gallegoportugu\u00e9s y el asturleon\u00e9s en Asturias\u201d, Wiaczes\u0142aw Nowikow; et al. (eds.), <em>Ling\u00fc\u00edstica hisp\u00e1nica te\u00f3rica y aplicada. Estudios l\u00e9xico-gramaticales did\u00e1cticos y traductol\u00f3gicos<\/em>, \u0141\u00f3d\u017a \/ Krak\u00f3w: Wydawnictwo Uniwersytetu \u0141\u00f3d\u017akiego, 51-68.&nbsp;<\/p>\n\n\n\n<p>D\u2019Andr\u00e9s D\u00edaz, R.; P\u00e9rez Toral, M. y Garc\u00eda \u00c1lvarez, T.C. (eds.): <em>Papeletas lexicogr\u00e1ficas del Padre Galo<\/em>, Oviedo: Real Instituto de Estudios Asturianos.&nbsp;<\/p>\n\n\n\n<p>D\u2019Andr\u00e9s D\u00edaz, R.&nbsp; y Rodr\u00edguez Monteavaro, M. (en prensa). \u201cLa frontera asturiana entre el gallegoportugu\u00e9s y el asturleon\u00e9s: un an\u00e1lisis cuantitativo\u201d,<em> Actas do II Congresso Internacional em Varia\u00e7\u00e3o Lisgu\u00edstica nas L\u00ednguas Rom\u00e2nicas<\/em>. Aveiro: Universidade de Aveiro.&nbsp;&nbsp;<\/p>\n","protected":false},"excerpt":{"rendered":"<p>D\u2019Andr\u00e9s D\u00edaz, R.&nbsp; 2022. \u201cFrontera ling\u00fc\u00edstica entre el gallegoportugu\u00e9s y el asturleon\u00e9s: el atlas ETLEN\u201d, Isabel Molina Martos &amp; Pilar Garc\u00eda Mouton (eds.), Geoling\u00fc\u00edstica en la Pen\u00ednsula Ib\u00e9rica, Madrid: CSIC, 171-200.&nbsp; D\u2019Andr\u00e9s D\u00edaz, R.&nbsp; 2021. Diccionariu de consultes lling\u00fc\u00edstiques del asturianu, Uvi\u00e9u: Ediciones Trabe.&nbsp; D\u2019Andr\u00e9s D\u00edaz, R.&nbsp; 2020. \u201cLas Glosas<\/p>\n","protected":false},"author":1,"featured_media":0,"comment_status":"open","ping_status":"open","sticky":false,"template":"","format":"standard","meta":{"footnotes":""},"categories":[1],"tags":[],"_links":{"self":[{"href":"https:\/\/espanolcontacto.unirioja.es\/index.php\/wp-json\/wp\/v2\/posts\/5311"}],"collection":[{"href":"https:\/\/espanolcontacto.unirioja.es\/index.php\/wp-json\/wp\/v2\/posts"}],"about":[{"href":"https:\/\/espanolcontacto.unirioja.es\/index.php\/wp-json\/wp\/v2\/types\/post"}],"author":[{"embeddable":true,"href":"https:\/\/espanolcontacto.unirioja.es\/index.php\/wp-json\/wp\/v2\/users\/1"}],"replies":[{"embeddable":true,"href":"https:\/\/espanolcontacto.unirioja.es\/index.php\/wp-json\/wp\/v2\/comments?post=5311"}],"version-history":[{"count":1,"href":"https:\/\/espanolcontacto.unirioja.es\/index.php\/wp-json\/wp\/v2\/posts\/5311\/revisions"}],"predecessor-version":[{"id":5312,"href":"https:\/\/espanolcontacto.unirioja.es\/index.php\/wp-json\/wp\/v2\/posts\/5311\/revisions\/5312"}],"wp:attachment":[{"href":"https:\/\/espanolcontacto.unirioja.es\/index.php\/wp-json\/wp\/v2\/media?parent=5311"}],"wp:term":[{"taxonomy":"category","embeddable":true,"href":"https:\/\/espanolcontacto.unirioja.es\/index.php\/wp-json\/wp\/v2\/categories?post=5311"},{"taxonomy":"post_tag","embeddable":true,"href":"https:\/\/espanolcontacto.unirioja.es\/index.php\/wp-json\/wp\/v2\/tags?post=5311"}],"curies":[{"name":"wp","href":"https:\/\/api.w.org\/{rel}","templated":true}]}}