{"id":5285,"date":"2024-04-23T16:11:07","date_gmt":"2024-04-23T14:11:07","guid":{"rendered":"https:\/\/espanolcontacto.unirioja.es\/?p=5285"},"modified":"2024-04-23T16:25:48","modified_gmt":"2024-04-23T14:25:48","slug":"jornada-internacional-sobre-contacto-linguistico-espacios-de-comunicacion","status":"publish","type":"post","link":"https:\/\/espanolcontacto.unirioja.es\/index.php\/2024\/04\/23\/jornada-internacional-sobre-contacto-linguistico-espacios-de-comunicacion\/","title":{"rendered":"Jornada Internacional sobre contacto ling\u00fc\u00edstico: espacios de comunicaci\u00f3n"},"content":{"rendered":"\n<hr class=\"wp-block-separator has-alpha-channel-opacity is-style-wide\"\/>\n\n\n\n<h2 class=\"wp-block-heading has-text-align-center\">Jornada Internacional sobre contacto ling\u00fc\u00edstico: espacios de comunicaci\u00f3n<\/h2>\n\n\n\n<h3 class=\"wp-block-heading has-text-align-center\">15 de abril de 2024. Universidad de La Rioja<\/h3>\n\n\n\n<hr class=\"wp-block-separator has-alpha-channel-opacity is-style-wide\"\/>\n\n\n\n<figure class=\"wp-block-image size-large\"><img fetchpriority=\"high\" decoding=\"async\" width=\"1024\" height=\"420\" src=\"https:\/\/espanolcontacto.unirioja.es\/wp-content\/uploads\/2024\/04\/Captura-de-pantalla-2024-04-23-160158-1024x420.png\" alt=\"\" class=\"wp-image-5286\" srcset=\"https:\/\/espanolcontacto.unirioja.es\/wp-content\/uploads\/2024\/04\/Captura-de-pantalla-2024-04-23-160158-1024x420.png 1024w, https:\/\/espanolcontacto.unirioja.es\/wp-content\/uploads\/2024\/04\/Captura-de-pantalla-2024-04-23-160158-300x123.png 300w, https:\/\/espanolcontacto.unirioja.es\/wp-content\/uploads\/2024\/04\/Captura-de-pantalla-2024-04-23-160158-768x315.png 768w, https:\/\/espanolcontacto.unirioja.es\/wp-content\/uploads\/2024\/04\/Captura-de-pantalla-2024-04-23-160158.png 1284w\" sizes=\"(max-width: 1024px) 100vw, 1024px\" \/><\/figure>\n\n\n\n<hr class=\"wp-block-separator has-alpha-channel-opacity is-style-wide\"\/>\n\n\n\n<p>El 15 de abril de 2024 celebramos la <em>Jornada internacional sobre contacto ling\u00fc\u00edstico: espacios de comunicaci\u00f3n<\/em> en una sesi\u00f3n h\u00edbrida en la que compartimos los resultados, reflexiones y avances adscritos al Proyecto COREC: Corpus Oral de Referencia del Espa\u00f1ol en Contacto. Fase I: Lenguas Minoritarias (PID2019-105865GB-100), y planteamos las l\u00edneas futuras para las siguientes fases. Puedes consultar el programa de la jornada:<\/p>\n\n\n\n<div data-wp-interactive=\"core\/file\" class=\"wp-block-file\"><object data-wp-bind--hidden=\"!state.hasPdfPreview\"  class=\"wp-block-file__embed\" data=\"https:\/\/espanolcontacto.unirioja.es\/wp-content\/uploads\/2024\/04\/Jornada-cartel.pdf\" type=\"application\/pdf\" style=\"width:100%;height:600px\" aria-label=\"Incrustado de Jornada-cartel.\"><\/object><a id=\"wp-block-file--media-d2f34425-3520-4396-a4e5-76037631ec70\" href=\"https:\/\/espanolcontacto.unirioja.es\/wp-content\/uploads\/2024\/04\/Jornada-cartel.pdf\">Jornada-cartel<\/a><a href=\"https:\/\/espanolcontacto.unirioja.es\/wp-content\/uploads\/2024\/04\/Jornada-cartel.pdf\" class=\"wp-block-file__button wp-element-button\" download aria-describedby=\"wp-block-file--media-d2f34425-3520-4396-a4e5-76037631ec70\">Descarga<\/a><\/div>\n","protected":false},"excerpt":{"rendered":"<p>Jornada Internacional sobre contacto ling\u00fc\u00edstico: espacios de comunicaci\u00f3n 15 de abril de 2024. Universidad de La Rioja El 15 de abril de 2024 celebramos la Jornada internacional sobre contacto ling\u00fc\u00edstico: espacios de comunicaci\u00f3n en una sesi\u00f3n h\u00edbrida en la que compartimos los resultados, reflexiones y avances adscritos al Proyecto COREC:<\/p>\n","protected":false},"author":1,"featured_media":5286,"comment_status":"open","ping_status":"open","sticky":false,"template":"","format":"standard","meta":{"footnotes":""},"categories":[230,8],"tags":[67,76,78,109,116,157,161],"_links":{"self":[{"href":"https:\/\/espanolcontacto.unirioja.es\/index.php\/wp-json\/wp\/v2\/posts\/5285"}],"collection":[{"href":"https:\/\/espanolcontacto.unirioja.es\/index.php\/wp-json\/wp\/v2\/posts"}],"about":[{"href":"https:\/\/espanolcontacto.unirioja.es\/index.php\/wp-json\/wp\/v2\/types\/post"}],"author":[{"embeddable":true,"href":"https:\/\/espanolcontacto.unirioja.es\/index.php\/wp-json\/wp\/v2\/users\/1"}],"replies":[{"embeddable":true,"href":"https:\/\/espanolcontacto.unirioja.es\/index.php\/wp-json\/wp\/v2\/comments?post=5285"}],"version-history":[{"count":3,"href":"https:\/\/espanolcontacto.unirioja.es\/index.php\/wp-json\/wp\/v2\/posts\/5285\/revisions"}],"predecessor-version":[{"id":5290,"href":"https:\/\/espanolcontacto.unirioja.es\/index.php\/wp-json\/wp\/v2\/posts\/5285\/revisions\/5290"}],"wp:featuredmedia":[{"embeddable":true,"href":"https:\/\/espanolcontacto.unirioja.es\/index.php\/wp-json\/wp\/v2\/media\/5286"}],"wp:attachment":[{"href":"https:\/\/espanolcontacto.unirioja.es\/index.php\/wp-json\/wp\/v2\/media?parent=5285"}],"wp:term":[{"taxonomy":"category","embeddable":true,"href":"https:\/\/espanolcontacto.unirioja.es\/index.php\/wp-json\/wp\/v2\/categories?post=5285"},{"taxonomy":"post_tag","embeddable":true,"href":"https:\/\/espanolcontacto.unirioja.es\/index.php\/wp-json\/wp\/v2\/tags?post=5285"}],"curies":[{"name":"wp","href":"https:\/\/api.w.org\/{rel}","templated":true}]}}