{"id":3364,"date":"2021-03-24T13:37:23","date_gmt":"2021-03-24T12:37:23","guid":{"rendered":"https:\/\/espanolcontacto.unirioja.es\/?p=3364"},"modified":"2021-03-24T13:37:23","modified_gmt":"2021-03-24T12:37:23","slug":"dinamicas-linguisticas-de-las-situaciones-de-contacto-editado-por-azucena-palacios-y-maria-sanchez-paraiso","status":"publish","type":"post","link":"https:\/\/espanolcontacto.unirioja.es\/index.php\/2021\/03\/24\/dinamicas-linguisticas-de-las-situaciones-de-contacto-editado-por-azucena-palacios-y-maria-sanchez-paraiso\/","title":{"rendered":"&#8220;Din\u00e1micas ling\u00fc\u00edsticas de las situaciones de contacto&#8221;, editado por Azucena Palacios y Mar\u00eda S\u00e1nchez Para\u00edso"},"content":{"rendered":"\n<p>Reunimos en este volumen, de inminente aparici\u00f3n, las contribuciones de diversos especialistas que analizan las diferencias ling\u00fc\u00edsticas de las variedades de espa\u00f1ol en contacto desde una perspectiva cient\u00edfica, sin prejuicios ni concepciones sociales aprior\u00edsticas. Desde esta dimensi\u00f3n los hablantes, no solo sus producciones ling\u00fc\u00edsticas, son el centro de la investigaci\u00f3n, lo que permite dise\u00f1ar mejores herramientas metodol\u00f3gicas y perfilar de manera m\u00e1s precisa las concepciones te\u00f3ricas de la ling\u00fc\u00edstica del contacto. La obra incluye propuestas te\u00f3ricas y metodol\u00f3gicas adaptadas a las ecolog\u00edas ling\u00fc\u00edsticas que se pretenden explicar, estudios de caso que analizan variaciones y cambios ling\u00fc\u00edsticos inducidos por contacto, o que exploran la relaci\u00f3n entre las dimensiones ling\u00fc\u00edstica e identitaria, tanto desde una perspectiva sincr\u00f3nica como diacr\u00f3nica.<\/p>\n\n\n<a href=\"https:\/\/espanolcontacto.unirioja.es\/wp-content\/uploads\/2021\/03\/cov_9783110701258_LILA_Palacios_dpm_v3.pdf\" class=\"pdfemb-viewer\" style=\"\" data-width=\"max\" data-height=\"max\"  data-toolbar=\"bottom\" data-toolbar-fixed=\"off\">cov_9783110701258_LILA_Palacios_dpm_v3<br\/><\/a>\n<p class=\"wp-block-pdfemb-pdf-embedder-viewer\"><\/p>\n","protected":false},"excerpt":{"rendered":"<p>Reunimos en este volumen, de inminente aparici\u00f3n, las contribuciones de diversos especialistas que analizan las diferencias ling\u00fc\u00edsticas de las variedades de espa\u00f1ol en contacto desde una perspectiva cient\u00edfica, sin prejuicios ni concepciones sociales aprior\u00edsticas. Desde esta dimensi\u00f3n los hablantes, no solo sus producciones ling\u00fc\u00edsticas, son el centro de la investigaci\u00f3n,<\/p>\n","protected":false},"author":1,"featured_media":3406,"comment_status":"closed","ping_status":"closed","sticky":false,"template":"","format":"standard","meta":{"footnotes":""},"categories":[6,7],"tags":[],"_links":{"self":[{"href":"https:\/\/espanolcontacto.unirioja.es\/index.php\/wp-json\/wp\/v2\/posts\/3364"}],"collection":[{"href":"https:\/\/espanolcontacto.unirioja.es\/index.php\/wp-json\/wp\/v2\/posts"}],"about":[{"href":"https:\/\/espanolcontacto.unirioja.es\/index.php\/wp-json\/wp\/v2\/types\/post"}],"author":[{"embeddable":true,"href":"https:\/\/espanolcontacto.unirioja.es\/index.php\/wp-json\/wp\/v2\/users\/1"}],"replies":[{"embeddable":true,"href":"https:\/\/espanolcontacto.unirioja.es\/index.php\/wp-json\/wp\/v2\/comments?post=3364"}],"version-history":[{"count":0,"href":"https:\/\/espanolcontacto.unirioja.es\/index.php\/wp-json\/wp\/v2\/posts\/3364\/revisions"}],"wp:featuredmedia":[{"embeddable":true,"href":"https:\/\/espanolcontacto.unirioja.es\/index.php\/wp-json\/wp\/v2\/media\/3406"}],"wp:attachment":[{"href":"https:\/\/espanolcontacto.unirioja.es\/index.php\/wp-json\/wp\/v2\/media?parent=3364"}],"wp:term":[{"taxonomy":"category","embeddable":true,"href":"https:\/\/espanolcontacto.unirioja.es\/index.php\/wp-json\/wp\/v2\/categories?post=3364"},{"taxonomy":"post_tag","embeddable":true,"href":"https:\/\/espanolcontacto.unirioja.es\/index.php\/wp-json\/wp\/v2\/tags?post=3364"}],"curies":[{"name":"wp","href":"https:\/\/api.w.org\/{rel}","templated":true}]}}