{"id":3022,"date":"2019-03-27T11:09:00","date_gmt":"2019-03-27T11:09:00","guid":{"rendered":"https:\/\/espanolcontacto.unirioja.es\/?p=3022"},"modified":"2019-03-27T11:09:00","modified_gmt":"2019-03-27T11:09:00","slug":"seccion-ling_6-variedades-del-espanol-en-contacto-con-otras-lenguas-metodologias-protocolos-y-modelos-de-analisis","status":"publish","type":"post","link":"https:\/\/espanolcontacto.unirioja.es\/index.php\/2019\/03\/27\/seccion-ling_6-variedades-del-espanol-en-contacto-con-otras-lenguas-metodologias-protocolos-y-modelos-de-analisis\/","title":{"rendered":"XXII Congreso de la Asociaci\u00f3n Alemana de Hispanistas. Constelaciones \u2013 Redes \u2013 Transformaciones"},"content":{"rendered":"\n<p><strong>Berl\u00edn,\ndel 27 al 31 de marzo de 2019<\/strong><\/p>\n\n\n\n<p>Secci\u00f3n\nLING_6: Variedades del espa\u00f1ol en contacto con otras lenguas: metodolog\u00edas,\nprotocolos y modelos de an\u00e1lisis<\/p>\n\n\n\n<p>Coordinadoras&nbsp;de secci\u00f3n:&nbsp;<strong>Azucena\nPalacios<\/strong>&nbsp;(Universidad Aut\u00f3noma de Madrid),&nbsp;<strong>\u00c9lodie Blestel<\/strong>&nbsp;(Universit\u00e9\nParis III \u2013 Sorbonne Nouvelle)<\/p>\n\n\n\n<p><br>Los contextos sociohist\u00f3ricos y culturales en los que se han desarrollado las distintas variedades de la lengua espa\u00f1ola \u2013contacto con otras lenguas romances y\/o extra-rom\u00e1nicas, situaciones de heterogeneidad ling\u00fc\u00edstica, biling\u00fcismo, diglosias, etc.\u2013 han dado lugar a la aparici\u00f3n de fen\u00f3menos ling\u00fc\u00edsticos que pueden describirse, tanto desde el punto de vista de la organizaci\u00f3n interna de los sistemas como desde su anclaje sociol\u00f3gico y pragm\u00e1tico, como vectores de actividades socialmente significativas.<br> <br>Esta sesi\u00f3n tiene como objetivo reunir a investigadores que se centran en describir y explicar las variedades del espa\u00f1ol en su variabilidad diasistem\u00e1tica, tipol\u00f3gica, gen\u00e9tica y regional en relaci\u00f3n con las especificidades que estas muestran al inscribirse en contextos de contacto ling\u00fc\u00edstico intenso. Se prestar\u00e1 especial atenci\u00f3n a los siguientes puntos:<\/p>\n\n\n\n<ul><li>Comparaci\u00f3n y descripci\u00f3n de variedades diat\u00f3picas, diastr\u00e1ticas o diaf\u00e1sicas de las distintas variedades de espa\u00f1ol en contacto.<\/li><li>Estabilizaci\u00f3n de las convergencias derivadas del contacto de lenguas (alternancia y cambio de c\u00f3digo en las pr\u00e1cticas ling\u00fc\u00edsticas, criollos, interlenguajes, variedades de contactoconsolidadas, entre otras), protocolos de experimentaci\u00f3n y de clasificaci\u00f3n.<\/li><li>Profundizaci\u00f3n en procesos de gramaticalizaci\u00f3n inducidos por contacto.<\/li><li>Descripci\u00f3n de los mecanismos de cambio inducido por contacto que se documentan en estas variedades.<\/li><li>Descripci\u00f3n de instrumentos metodol\u00f3gicos  finos que trasciendan los constructos ya establecidos sobre el contacto ling\u00fc\u00edstico.<\/li><li>(Re)formulaciones te\u00f3ricas que permitan una mejor comprensi\u00f3n del cambio inducido por contacto desde un punto de vista hol\u00edstico.<\/li><\/ul>\n\n\n\n<p><br> El objetivo es fomentar el di\u00e1logo entre investigadores que trabajan en distintas variedades del espa\u00f1ol en contacto, con especial \u00e9nfasis en la reflexi\u00f3n te\u00f3rica, metodol\u00f3gica y epistemol\u00f3gica inherente a estos enfoques sobre variaci\u00f3n y cambio de sistemas ling\u00fc\u00edsticos desde una perspectiva social y situada siempre en su contexto.<\/p>\n\n\n\n<p>M\u00e1s informaci\u00f3n: <a href=\"https:\/\/www.fu-berlin.de\/sites\/hispanistentag2019\/sektionen\/ling6_programa.pdf\" target=\"_blank\" rel=\"noreferrer noopener\">Enlace al programa de la secci\u00f3n (PDF)<\/a><\/p>\n","protected":false},"excerpt":{"rendered":"<p>Berl\u00edn, del 27 al 31 de marzo de 2019 Secci\u00f3n LING_6: Variedades del espa\u00f1ol en contacto con otras lenguas: metodolog\u00edas, protocolos y modelos de an\u00e1lisis Coordinadoras&nbsp;de secci\u00f3n:&nbsp;Azucena Palacios&nbsp;(Universidad Aut\u00f3noma de Madrid),&nbsp;\u00c9lodie Blestel&nbsp;(Universit\u00e9 Paris III \u2013 Sorbonne Nouvelle) Los contextos sociohist\u00f3ricos y culturales en los que se han desarrollado las distintas<\/p>\n","protected":false},"author":1,"featured_media":0,"comment_status":"closed","ping_status":"closed","sticky":false,"template":"","format":"standard","meta":{"footnotes":""},"categories":[5],"tags":[17,18,47,69,194],"_links":{"self":[{"href":"https:\/\/espanolcontacto.unirioja.es\/index.php\/wp-json\/wp\/v2\/posts\/3022"}],"collection":[{"href":"https:\/\/espanolcontacto.unirioja.es\/index.php\/wp-json\/wp\/v2\/posts"}],"about":[{"href":"https:\/\/espanolcontacto.unirioja.es\/index.php\/wp-json\/wp\/v2\/types\/post"}],"author":[{"embeddable":true,"href":"https:\/\/espanolcontacto.unirioja.es\/index.php\/wp-json\/wp\/v2\/users\/1"}],"replies":[{"embeddable":true,"href":"https:\/\/espanolcontacto.unirioja.es\/index.php\/wp-json\/wp\/v2\/comments?post=3022"}],"version-history":[{"count":0,"href":"https:\/\/espanolcontacto.unirioja.es\/index.php\/wp-json\/wp\/v2\/posts\/3022\/revisions"}],"wp:attachment":[{"href":"https:\/\/espanolcontacto.unirioja.es\/index.php\/wp-json\/wp\/v2\/media?parent=3022"}],"wp:term":[{"taxonomy":"category","embeddable":true,"href":"https:\/\/espanolcontacto.unirioja.es\/index.php\/wp-json\/wp\/v2\/categories?post=3022"},{"taxonomy":"post_tag","embeddable":true,"href":"https:\/\/espanolcontacto.unirioja.es\/index.php\/wp-json\/wp\/v2\/tags?post=3022"}],"curies":[{"name":"wp","href":"https:\/\/api.w.org\/{rel}","templated":true}]}}