{"id":2184,"date":"2019-02-27T10:50:41","date_gmt":"2019-02-27T10:50:41","guid":{"rendered":"https:\/\/espanolcontacto.unirioja.es\/?p=2184"},"modified":"2019-02-27T10:50:41","modified_gmt":"2019-02-27T10:50:41","slug":"criollos-de-base-lexica-portuguesa-y-espanola","status":"publish","type":"post","link":"https:\/\/espanolcontacto.unirioja.es\/index.php\/2019\/02\/27\/criollos-de-base-lexica-portuguesa-y-espanola\/","title":{"rendered":"XIX Congreso Anual de la Asociaci\u00f3n de Criollos de Base L\u00e9xica Portuguesa y Espa\u00f1ola (ACBLPE) y el Congreso de verano de la Society for Pidgin and Creole Linguistics. Universidad de Lisboa, en Portugal del 17 al 19 de junio de 2019"},"content":{"rendered":"\n<h1 class=\"wp-block-heading\" style=\"text-align:center\"><a href=\"https:\/\/sites.google.com\/campus.ul.pt\/acblpespcl2019\/home?authuser=0\">XIX CONGRESO ANUAL DE LA ASOCIACI\u00d3N DE CRIOLLOS DE BASE L\u00c9XICA PORTUGUESA Y ESPA\u00d1OLA (ACBLPE)<\/a><\/h1>\n\n\n\n<h2 class=\"wp-block-heading\"><a href=\"https:\/\/www.ulisboa.pt\/\">Facultad de Artes de la Universidad de Lisboa, en Lisboa, Portugal <\/a><\/h2>\n\n\n\n<h2 class=\"wp-block-heading\">Fecha: 17 &#8211; 19 de junio de 2019<\/h2>\n\n\n\n<p align=\"justify\"><span style=\"color: #000000;\">La <a href=\"http:\/\/www.acblpe.com\/pt\">Asociaci\u00f3n de Criollos de Base L\u00e9xica Portuguesa y Espa\u00f1ola (ACBLPE) <\/a>celebrar\u00e1 en junio su congreso anual en la ciudad de Lisboa. Esta asociaci\u00f3n tiene como objetivos favorecer el desarrollo de estudios sobre lenguas criollas cuya base l\u00e9xica sean el espa\u00f1ol y el portugu\u00e9s, as\u00ed como permitir la relaci\u00f3n entre investigadores de este campo para la cooperaci\u00f3n y el debate.<\/span><\/p>\n\n\n\n<p align=\"justify\"><span style=\"color: #000000;\">En la p\u00e1gina web del <a href=\"https:\/\/sites.google.com\/campus.ul.pt\/acblpespcl2019\/home\">XIX Congreso Anual de la Asociaci\u00f3n de Criollos de Base L\u00e9xica Portuguesa y Espa\u00f1ola (ACBLPE)<\/a> se anima a enviar propuestas sobre aspectos relacionados con el espa\u00f1ol en contacto con otras lenguas. Para m\u00e1s informaci\u00f3n lea las condiciones de la convocatoria adjuntadas a continuaci\u00f3n.<\/span><\/p>\n\n\n\n<h2 class=\"wp-block-heading\">Convocatoria para enviar propuestas para el\u00a0XIX Congreso Anual de la Asociaci\u00f3n de Criollos de Base L\u00e9xica Portuguesa y Espa\u00f1ola (ACBLPE)<\/h2>\n\n\n\n<ul><li><strong><span style=\"color: #000000;\">Fecha l\u00edmite:<\/strong><span style=\"color: #000000;\"> 8 de febrero de 2019<\/li><li><strong><span style=\"color: #000000;\">M\u00e1s informaci\u00f3n:<\/strong><span style=\"color: #000000;\">Descargar <a href=\"https:\/\/espanolcontacto.unirioja.es\/wp-content\/uploads\/2019\/02\/ACBLPE2019CfP1_eng.pdf\">Primera Convocatoria (ingl\u00e9s)<\/a> \/ <a href=\"https:\/\/espanolcontacto.unirioja.es\/wp-content\/uploads\/2019\/02\/ACBLPE2019CfP1_pt.pdf\">(portugu\u00e9s)<\/a>  . <\/li><\/ul>\n","protected":false},"excerpt":{"rendered":"<p>La Asociaci\u00f3n de Criollos de Base L\u00e9xica Portuguesa y Espa\u00f1ola (ACBLPE) celebrar\u00e1 en junio su congreso anual en la ciudad de Lisboa.<\/p>\n","protected":false},"author":1,"featured_media":2194,"comment_status":"closed","ping_status":"closed","sticky":false,"template":"","format":"standard","meta":{"footnotes":""},"categories":[5],"tags":[11,36,76,78,113,116,145,147,185],"_links":{"self":[{"href":"https:\/\/espanolcontacto.unirioja.es\/index.php\/wp-json\/wp\/v2\/posts\/2184"}],"collection":[{"href":"https:\/\/espanolcontacto.unirioja.es\/index.php\/wp-json\/wp\/v2\/posts"}],"about":[{"href":"https:\/\/espanolcontacto.unirioja.es\/index.php\/wp-json\/wp\/v2\/types\/post"}],"author":[{"embeddable":true,"href":"https:\/\/espanolcontacto.unirioja.es\/index.php\/wp-json\/wp\/v2\/users\/1"}],"replies":[{"embeddable":true,"href":"https:\/\/espanolcontacto.unirioja.es\/index.php\/wp-json\/wp\/v2\/comments?post=2184"}],"version-history":[{"count":0,"href":"https:\/\/espanolcontacto.unirioja.es\/index.php\/wp-json\/wp\/v2\/posts\/2184\/revisions"}],"wp:featuredmedia":[{"embeddable":true,"href":"https:\/\/espanolcontacto.unirioja.es\/index.php\/wp-json\/wp\/v2\/media\/2194"}],"wp:attachment":[{"href":"https:\/\/espanolcontacto.unirioja.es\/index.php\/wp-json\/wp\/v2\/media?parent=2184"}],"wp:term":[{"taxonomy":"category","embeddable":true,"href":"https:\/\/espanolcontacto.unirioja.es\/index.php\/wp-json\/wp\/v2\/categories?post=2184"},{"taxonomy":"post_tag","embeddable":true,"href":"https:\/\/espanolcontacto.unirioja.es\/index.php\/wp-json\/wp\/v2\/tags?post=2184"}],"curies":[{"name":"wp","href":"https:\/\/api.w.org\/{rel}","templated":true}]}}