{"id":1856,"date":"2018-08-24T16:40:15","date_gmt":"2018-08-24T16:40:15","guid":{"rendered":"https:\/\/espanolcontacto.unirioja.es\/?p=1856"},"modified":"2018-08-24T16:40:15","modified_gmt":"2018-08-24T16:40:15","slug":"encuentro-del-proyecto-oralidad-modernidad-voces-andinas-y-conocimientos-ancestrales-para-la-revitalizacion-linguistica","status":"publish","type":"post","link":"https:\/\/espanolcontacto.unirioja.es\/index.php\/2018\/08\/24\/encuentro-del-proyecto-oralidad-modernidad-voces-andinas-y-conocimientos-ancestrales-para-la-revitalizacion-linguistica\/","title":{"rendered":"Encuentro del proyecto Oralidad Modernidad: &#8220;Voces Andinas y Conocimientos Ancestrales para la revitalizaci\u00f3n ling\u00fc\u00edstica&#8221;"},"content":{"rendered":"\n<h2 class=\"wp-block-heading\">VOCES ANDINAS Y CONOCIMIENTOS ANCESTRALES PARA LA REVITALIZACI\u00d3N LING\u00dc\u00cdSTICA\u00a0<\/h2>\n\n\n\n<p align=\"justify\" class=\"has-regular-font-size has-very-dark-gray-color\">El 16 de junio se realiz\u00f3 el encuentro para el intercambio de saberes en la comunidad de Chirihuasi. En el evento participaron Alberto Ichau, presidente de la comunidad y Ernesto Farinango, Alfonso Farinango, Marleen Haboud y Fernando Ortega del equipo Oralidad Modernidad quienes presentaron el proyecto Nuestra salud, nuestra lengua, nuestra vida. Tambi\u00e9n, Nazamin Berarpour, Agregada Cultural de la Embajada de los Estados Unidos, mencion\u00f3 la importancia de llevar a cabo este tipo de intercambios culturales. Asimismo, Elvis T\u00faquerres aport\u00f3 con una visi\u00f3n del programa nutricional de la regi\u00f3n. El programa tambi\u00e9n tuvo la participaci\u00f3n de un grupo visitante de enfermeras de la Universidad de Ohio.<\/p>\n\n\n\n<p>[FSL id=1862]<\/p>\n","protected":false},"excerpt":{"rendered":"<p>VOCES ANDINAS Y CONOCIMIENTOS ANCESTRALES PARA LA REVITALIZACI\u00d3N LING\u00dc\u00cdSTICA\u00a0 El 16 de junio se realiz\u00f3 el encuentro para el intercambio de saberes en la comunidad de Chirihuasi. En el evento participaron Alberto Ichau, presidente de la comunidad y Ernesto Farinango, Alfonso Farinango, Marleen Haboud y Fernando Ortega del equipo Oralidad<\/p>\n","protected":false},"author":1,"featured_media":0,"comment_status":"closed","ping_status":"closed","sticky":false,"template":"","format":"standard","meta":{"footnotes":""},"categories":[4],"tags":[],"_links":{"self":[{"href":"https:\/\/espanolcontacto.unirioja.es\/index.php\/wp-json\/wp\/v2\/posts\/1856"}],"collection":[{"href":"https:\/\/espanolcontacto.unirioja.es\/index.php\/wp-json\/wp\/v2\/posts"}],"about":[{"href":"https:\/\/espanolcontacto.unirioja.es\/index.php\/wp-json\/wp\/v2\/types\/post"}],"author":[{"embeddable":true,"href":"https:\/\/espanolcontacto.unirioja.es\/index.php\/wp-json\/wp\/v2\/users\/1"}],"replies":[{"embeddable":true,"href":"https:\/\/espanolcontacto.unirioja.es\/index.php\/wp-json\/wp\/v2\/comments?post=1856"}],"version-history":[{"count":0,"href":"https:\/\/espanolcontacto.unirioja.es\/index.php\/wp-json\/wp\/v2\/posts\/1856\/revisions"}],"wp:attachment":[{"href":"https:\/\/espanolcontacto.unirioja.es\/index.php\/wp-json\/wp\/v2\/media?parent=1856"}],"wp:term":[{"taxonomy":"category","embeddable":true,"href":"https:\/\/espanolcontacto.unirioja.es\/index.php\/wp-json\/wp\/v2\/categories?post=1856"},{"taxonomy":"post_tag","embeddable":true,"href":"https:\/\/espanolcontacto.unirioja.es\/index.php\/wp-json\/wp\/v2\/tags?post=1856"}],"curies":[{"name":"wp","href":"https:\/\/api.w.org\/{rel}","templated":true}]}}