{"id":1840,"date":"2018-08-21T20:21:00","date_gmt":"2018-08-21T20:21:00","guid":{"rendered":"https:\/\/espanolcontacto.unirioja.es\/?p=1840"},"modified":"2018-08-21T20:21:00","modified_gmt":"2018-08-21T20:21:00","slug":"desplazamiento-revitalizacion-ica","status":"publish","type":"post","link":"https:\/\/espanolcontacto.unirioja.es\/index.php\/2018\/08\/21\/desplazamiento-revitalizacion-ica\/","title":{"rendered":"56\u00ba Congreso Internacional de Americanistas en la USAL"},"content":{"rendered":"\n<h1 class=\"wp-block-heading\"><a href=\"http:\/\/ica2018.es\/simposios-innovadores\/\">DESPLAZAMIENTO LING\u00dc\u00cdSTICO Y REVITALIZACI\u00d3N: REFLEXIONES Y METODOLOG\u00cdA EMERGENTES<\/a><\/h1>\n\n\n\n<p class=\"has-regular-font-size has-very-dark-gray-color\" align=\"justify\">El pasado mes de julio, durante el 15 al 20 de julio se celebr\u00f3 en la Universidad de Salamanca el&nbsp;<a href=\"http:\/\/ica2018.es\/\">56\u00ba Congreso Internacional de Americanistas (ICA)<\/a>. En \u00e9l participaron los miembros del grupo de investigaci\u00f3n &#8220;Espa\u00f1ol en contacto con otras lenguas: variaci\u00f3n y cambio ling\u00fc\u00edstico&#8221; <a href=\"https:\/\/espanolcontacto.unirioja.es\/situaciones-de-contacto-publicaciones\/marleen-haboud\/\">Marleen Haboud<\/a> y <a href=\"https:\/\/espanolcontacto.unirioja.es\/situaciones-de-contacto-publicaciones\/carlos-sanchez-avendano\/\">Carlos S\u00e1nchez Avenda\u00f1o<\/a>. Ambos coordinaron y expusieron sus trabajos en el Simposio titulado &#8220;<a href=\"http:\/\/ica2018.es\/simposios-innovadores\/\">Desplazamiento ling\u00fc\u00edstico y revitalizaci\u00f3n: reflexiones y metodolog\u00eda emergentes<\/a>&#8220;.<\/p>\n\n\n\n<p class=\"has-regular-font-size has-very-dark-gray-color\" align=\"justify\">Este Simposio invit\u00f3 a plantear reflexiones, pr\u00e1cticas y propuestas que permitan avanzar de mejor manera hacia nuevos procesos de revitalizaci\u00f3n del patrimonio ling\u00fc\u00edstico y cultural. En vista de la urgente necesidad de desarrollar procesos de documentaci\u00f3n activa se busc\u00f3 respuestas frente a las siguientes interrogantes: \u00bfC\u00f3mo hacerlo de forma id\u00f3nea?&nbsp; \u00bfC\u00f3mo avanzar en tareas de revitalizaci\u00f3n en un esfuerzo conjunto entre hablantes y no hablantes? \u00bfC\u00f3mo evitar las infranqueables brechas que se dan entre los niveles macro y micro? \u00bfC\u00f3mo pasar exitosamente de las pol\u00edticas a la implementaci\u00f3n? \u00bfC\u00f3mo trabajar con metodolog\u00edas nuevas que vinculen satisfactoriamente los saberes y las pr\u00e1cticas?<\/p>\n\n\n\n<p>[FSL id=1848]<\/p>\n","protected":false},"excerpt":{"rendered":"<p>DESPLAZAMIENTO LING\u00dc\u00cdSTICO Y REVITALIZACI\u00d3N: REFLEXIONES Y METODOLOG\u00cdA EMERGENTES El pasado mes de julio, durante el 15 al 20 de julio se celebr\u00f3 en la Universidad de Salamanca el&nbsp;56\u00ba Congreso Internacional de Americanistas (ICA). En \u00e9l participaron los miembros del grupo de investigaci\u00f3n &#8220;Espa\u00f1ol en contacto con otras lenguas: variaci\u00f3n y<\/p>\n","protected":false},"author":1,"featured_media":1844,"comment_status":"closed","ping_status":"closed","sticky":false,"template":"","format":"standard","meta":{"footnotes":""},"categories":[5],"tags":[52,98,186,190],"_links":{"self":[{"href":"https:\/\/espanolcontacto.unirioja.es\/index.php\/wp-json\/wp\/v2\/posts\/1840"}],"collection":[{"href":"https:\/\/espanolcontacto.unirioja.es\/index.php\/wp-json\/wp\/v2\/posts"}],"about":[{"href":"https:\/\/espanolcontacto.unirioja.es\/index.php\/wp-json\/wp\/v2\/types\/post"}],"author":[{"embeddable":true,"href":"https:\/\/espanolcontacto.unirioja.es\/index.php\/wp-json\/wp\/v2\/users\/1"}],"replies":[{"embeddable":true,"href":"https:\/\/espanolcontacto.unirioja.es\/index.php\/wp-json\/wp\/v2\/comments?post=1840"}],"version-history":[{"count":0,"href":"https:\/\/espanolcontacto.unirioja.es\/index.php\/wp-json\/wp\/v2\/posts\/1840\/revisions"}],"wp:featuredmedia":[{"embeddable":true,"href":"https:\/\/espanolcontacto.unirioja.es\/index.php\/wp-json\/wp\/v2\/media\/1844"}],"wp:attachment":[{"href":"https:\/\/espanolcontacto.unirioja.es\/index.php\/wp-json\/wp\/v2\/media?parent=1840"}],"wp:term":[{"taxonomy":"category","embeddable":true,"href":"https:\/\/espanolcontacto.unirioja.es\/index.php\/wp-json\/wp\/v2\/categories?post=1840"},{"taxonomy":"post_tag","embeddable":true,"href":"https:\/\/espanolcontacto.unirioja.es\/index.php\/wp-json\/wp\/v2\/tags?post=1840"}],"curies":[{"name":"wp","href":"https:\/\/api.w.org\/{rel}","templated":true}]}}