{"id":1706,"date":"2018-06-14T12:32:54","date_gmt":"2018-06-14T12:32:54","guid":{"rendered":"https:\/\/espanolcontacto.unirioja.es\/?p=1706"},"modified":"2018-06-14T12:32:54","modified_gmt":"2018-06-14T12:32:54","slug":"congreso-historia-de-la-lengua","status":"publish","type":"post","link":"https:\/\/espanolcontacto.unirioja.es\/index.php\/2018\/06\/14\/congreso-historia-de-la-lengua\/","title":{"rendered":"XI Congreso Internacional de Historia de la Lengua Espa\u00f1ola. PUCP, 6-10 de agosto de 2018"},"content":{"rendered":"<h1><a href=\"http:\/\/congreso.pucp.edu.pe\/xi-historia-lengua\/\">XI CONGRESO INTERNACIONAL DE HISTORIA DE LA LENGUA ESPA\u00d1OLA<\/a><\/h1>\n<h2><span style=\"color: #000000;\">Conferencia en la\u00a0<a href=\"http:\/\/www.pucp.edu.pe\/\">Pontificia Universidad Cat\u00f3lica del Per\u00fa (PUCP)<\/a>, en Lima<\/span><\/h2>\n<p><a href=\"https:\/\/espanolcontacto.unirioja.es\/wp-content\/uploads\/2018\/06\/xi-congreso-internacional-de-historia-de-la-lengua-espanola.jpg\"><img fetchpriority=\"high\" decoding=\"async\" class=\"aligncenter wp-image-1707\" src=\"https:\/\/espanolcontacto.unirioja.es\/wp-content\/uploads\/2018\/06\/xi-congreso-internacional-de-historia-de-la-lengua-espanola.jpg\" alt=\"\" width=\"550\" height=\"222\" srcset=\"https:\/\/espanolcontacto.unirioja.es\/wp-content\/uploads\/2018\/06\/xi-congreso-internacional-de-historia-de-la-lengua-espanola.jpg 1140w, https:\/\/espanolcontacto.unirioja.es\/wp-content\/uploads\/2018\/06\/xi-congreso-internacional-de-historia-de-la-lengua-espanola-300x121.jpg 300w, https:\/\/espanolcontacto.unirioja.es\/wp-content\/uploads\/2018\/06\/xi-congreso-internacional-de-historia-de-la-lengua-espanola-768x310.jpg 768w, https:\/\/espanolcontacto.unirioja.es\/wp-content\/uploads\/2018\/06\/xi-congreso-internacional-de-historia-de-la-lengua-espanola-1024x413.jpg 1024w\" sizes=\"(max-width: 550px) 100vw, 550px\" \/><\/a><\/p>\n<p>&nbsp;<\/p>\n<h2>Fecha: 6 &#8211; 10 de agosto<\/h2>\n<p style=\"text-align: justify;\"><span style=\"color: #000000;\">El XI Congreso Internacional de Historia de la Lengua Espa\u00f1ola reunir\u00e1 a especialistas miembros de la\u00a0Asociaci\u00f3n de Historia de la Lengua Espa\u00f1ola (AHLE) y especialistas interesados en el estudio cient\u00edfico de la <strong>historia de la lengua espa\u00f1ola\u00a0<\/strong>en la\u00a0<\/span><span style=\"color: #000000;\">Pontificia Universidad Cat\u00f3lica del Per\u00fa (PUCP).<\/span><\/p>\n<p style=\"text-align: justify;\"><span style=\"color: #000000;\">El programa acad\u00e9mico de este congreso constar\u00e1 de siete secciones tem\u00e1ticas (<\/span><span style=\"color: #000000;\">An\u00e1lisis textual y pragm\u00e1tico en perspectiva hist\u00f3rica; Dialectolog\u00eda hist\u00f3rica y Toponimia; <strong>El espa\u00f1ol en contacto con lenguas amerindias (y otras lenguas) en perspectiva hist\u00f3rica<\/strong>; Fon\u00e9tica, Fonolog\u00eda\u00a0 y Grafem\u00e1tica hist\u00f3ricas; Lexicolog\u00eda, Lexicograf\u00eda y Sem\u00e1ntica hist\u00f3ricas; Morfolog\u00eda y Sintaxis hist\u00f3ricas; Socioling\u00fc\u00edstica hist\u00f3rica), cuatro conferencia plenarias que ser\u00e1n impartidas por\u00a0Rodolfo Cerr\u00f3n Palomino (Pontificia Universidad Cat\u00f3lica del Per\u00fa),\u00a0Daniel Jacob (Universidad de Friburgo en Brisgovia),\u00a0Silvia Iglesias (Universidad Complutense de Madrid) y<span style=\"letter-spacing: 0px;\"><i>\u00a0<\/i><\/span>John Lipski (Universidad del Estado de Pensilvania) y cuatro mesas redondas en las que se hablar\u00e1, entre otros temas, sobre el\u00a0<\/span><span class=\"marron naranja\" style=\"color: #000000;\"><strong>Contacto y cambio sem\u00e1ntico en la historia del espa\u00f1ol<\/strong>. Esta mesa estar\u00e1 compuesta por las siguientes comunicaciones:<\/span><\/p>\n<p class=\"marron\" style=\"text-align: justify; padding-left: 60px;\"><span style=\"color: #000000;\">1. Roc\u00edo Caravedo, Pontificia Universidad Cat\u00f3lica del Per\u00fa<\/span><br \/>\n<span style=\"color: #000000;\"><em><a style=\"color: #000000;\" href=\"http:\/\/congreso.pucp.edu.pe\/xi-historia-lengua\/wp-content\/uploads\/2017\/11\/Caravedo_f.pdf\" target=\"_blank\" rel=\"noopener\">Cuestiones conceptuales y metodol\u00f3gicas para el estudio del cambio sem\u00e1ntico en relaci\u00f3n con el contacto de lenguas.<\/a><\/em><\/span><\/p>\n<p style=\"padding-left: 60px;\"><span class=\"marron\" style=\"color: #000000;\">2. Wiltrud Mihatsch, Universidad de Tubinga<\/span><br \/>\n<span style=\"color: #000000;\"><a style=\"color: #000000;\" href=\"http:\/\/congreso.pucp.edu.pe\/xi-historia-lengua\/wp-content\/uploads\/2017\/11\/Wiltrud-Mihatsch.pdf\"><em>La evoluci\u00f3n reciente de una red de marcadores de atenuaci\u00f3n, de foco y de cita \u2013 \u00bfContacto o cambio poligen\u00e9tico?<\/em><\/a><\/span><\/p>\n<p style=\"padding-left: 60px;\"><span class=\"marron\" style=\"color: #000000;\">3. Azucena Palacios, Universidad Aut\u00f3noma de Madrid<\/span><br \/>\n<span style=\"color: #000000;\"><em><a style=\"color: #000000;\" href=\"http:\/\/congreso.pucp.edu.pe\/xi-historia-lengua\/wp-content\/uploads\/2017\/11\/Palacios_F.pdf\" target=\"_blank\" rel=\"noopener\">Evidencialidad y preposiciones locativas: dos cambios indirectos inducidos por contacto<\/a><\/em><\/span><\/p>\n<p><span style=\"color: #000000;\">Para m\u00e1s informaci\u00f3n puede visitar la p\u00e1gina web del\u00a0<a href=\"http:\/\/congreso.pucp.edu.pe\/xi-historia-lengua\/\">XI Congreso Internacional de Historial de la Lengua Espa\u00f1ol<\/a><\/span><\/p>\n<p><strong>Programa a\u00fan no disponible<\/strong><\/p>\n","protected":false},"excerpt":{"rendered":"<p>XI CONGRESO INTERNACIONAL DE HISTORIA DE LA LENGUA ESPA\u00d1OLA Conferencia en la\u00a0Pontificia Universidad Cat\u00f3lica del Per\u00fa (PUCP), en Lima &nbsp; Fecha: 6 &#8211; 10 de agosto El XI Congreso Internacional de Historia de la Lengua Espa\u00f1ola reunir\u00e1 a especialistas miembros de la\u00a0Asociaci\u00f3n de Historia de la Lengua Espa\u00f1ola (AHLE) y<\/p>\n","protected":false},"author":1,"featured_media":0,"comment_status":"closed","ping_status":"closed","sticky":false,"template":"","format":"standard","meta":{"footnotes":""},"categories":[5],"tags":[24,48,76,94,95,117],"_links":{"self":[{"href":"https:\/\/espanolcontacto.unirioja.es\/index.php\/wp-json\/wp\/v2\/posts\/1706"}],"collection":[{"href":"https:\/\/espanolcontacto.unirioja.es\/index.php\/wp-json\/wp\/v2\/posts"}],"about":[{"href":"https:\/\/espanolcontacto.unirioja.es\/index.php\/wp-json\/wp\/v2\/types\/post"}],"author":[{"embeddable":true,"href":"https:\/\/espanolcontacto.unirioja.es\/index.php\/wp-json\/wp\/v2\/users\/1"}],"replies":[{"embeddable":true,"href":"https:\/\/espanolcontacto.unirioja.es\/index.php\/wp-json\/wp\/v2\/comments?post=1706"}],"version-history":[{"count":0,"href":"https:\/\/espanolcontacto.unirioja.es\/index.php\/wp-json\/wp\/v2\/posts\/1706\/revisions"}],"wp:attachment":[{"href":"https:\/\/espanolcontacto.unirioja.es\/index.php\/wp-json\/wp\/v2\/media?parent=1706"}],"wp:term":[{"taxonomy":"category","embeddable":true,"href":"https:\/\/espanolcontacto.unirioja.es\/index.php\/wp-json\/wp\/v2\/categories?post=1706"},{"taxonomy":"post_tag","embeddable":true,"href":"https:\/\/espanolcontacto.unirioja.es\/index.php\/wp-json\/wp\/v2\/tags?post=1706"}],"curies":[{"name":"wp","href":"https:\/\/api.w.org\/{rel}","templated":true}]}}