{"id":1598,"date":"2018-05-07T11:52:22","date_gmt":"2018-05-07T11:52:22","guid":{"rendered":"https:\/\/espanolcontacto.unirioja.es\/?p=1598"},"modified":"2018-05-07T11:52:22","modified_gmt":"2018-05-07T11:52:22","slug":"congreso-agonalidad-y-ritualidad","status":"publish","type":"post","link":"https:\/\/espanolcontacto.unirioja.es\/index.php\/2018\/05\/07\/congreso-agonalidad-y-ritualidad\/","title":{"rendered":"Congreso Agonalidad y Ritualidad:  dos desaf\u00edos de los conceptos Sincronizaci\u00f3n y Resonancia. Freiburg Universit\u00e4t, 2 y 3 de mayo de 2018"},"content":{"rendered":"<h1>CONGRESO AGONALIDAD Y RITUALIDAD: DOS DESAF\u00cdOS DE LOS CONCEPTOS SINCRONIZACI\u00d3N Y RESONANCIA<\/h1>\n<h2>Jornadas Internacionales en la Albert-Ludwigs-Universit\u00e4t Freibug \/ FRIAS\u00a0(Freiburg Institute\u00a0for Advanced Studies)<\/h2>\n<p><a href=\"https:\/\/espanolcontacto.unirioja.es\/wp-content\/uploads\/2017\/02\/logo-grundversion-01.png\"><img decoding=\"async\" class=\"aligncenter size-full wp-image-1347\" src=\"https:\/\/espanolcontacto.unirioja.es\/wp-content\/uploads\/2017\/02\/logo-grundversion-01.png\" alt=\"logo universidad de Friburgo (Freiburg). Color. Congreso Agonalidad y Ritualidad\" width=\"180\" height=\"180\" srcset=\"https:\/\/espanolcontacto.unirioja.es\/wp-content\/uploads\/2017\/02\/logo-grundversion-01.png 180w, https:\/\/espanolcontacto.unirioja.es\/wp-content\/uploads\/2017\/02\/logo-grundversion-01-150x150.png 150w\" sizes=\"(max-width: 180px) 100vw, 180px\" \/><\/a><\/p>\n<h2>Fecha: 2 y 3 de mayo de 2018<\/h2>\n<p style=\"text-align: justify;\"><span style=\"color: #000000;\">Dentro del marco del proyecto &#8220;<strong><a href=\"http:\/\/body-sync-research.org\/projects.html\">Synchronization in Embodied Interaction<\/a><\/strong>&#8221; perteneciente al Freiburg Institute for Advanced Studies (FRIAS) en la Albert-Ludwigs-Universit\u00e4t Freibug, se ha celebrado durante los d\u00edas 2 y 3 de mayo un Congreso sobre\u00a0la <strong>conflictividad en espacios p\u00fablicos o en situaciones interpersonales de mayor alcance<\/strong> (agonalidad) y acerca de la\u00a0<strong>performatividad<\/strong> tanto verbal como corporal (de forma ritual\u00edstica) de los involucrados, en el que han participado varios miembros del proyecto &#8220;<a href=\"https:\/\/espanolcontacto.unirioja.es\/\">Espa\u00f1ol en contacto con otras lenguas: variaci\u00f3n y cambio ling\u00fc\u00edstico<\/a>&#8220;:<\/span><\/p>\n<ul>\n<li><span style=\"color: #000000;\"><strong>(Des)acuerdos en la narraci\u00f3n conjunta. Sesi\u00f3n de datos interactiva<\/strong><\/span><br \/>\n<span style=\"color: #000000;\">Ignacio Satti y Daniel Muz, Freiburg, Alemania, Haboud, Marleen, Quito, Ecuador y Azucena Palacios, Madrid, Espa\u00f1a<\/span><\/li>\n<li><span style=\"color: #000000;\"><strong>El poder de la mirada y la mirada del poder: tensiones en el interjuego de los lenguajes<\/strong><\/span><br \/>\n<span style=\"color: #000000;\">Angelita Martinez y Gabriela Bravo de Laguna, La Plata, Argentina<\/span><\/li>\n<\/ul>\n<p style=\"text-align: justify;\"><span style=\"color: #000000;\">En este evento se ha abordado la interacci\u00f3n desde diversas disciplinas y campos tem\u00e1ticos, considerando los aspectos sociales, pol\u00edticos y \u00e9ticos que interfieren en este tipo de<strong> intercambios comunicativos<\/strong> a partir del an\u00e1lisis de lo performativo, lo comunicativo y lo ling\u00fc\u00edstico.<\/span><\/p>\n<p><span style=\"color: #000000;\">Para m\u00e1s informaci\u00f3n sobre este evento, puede descargar el programa:<\/span><\/p>\n<p><a href=\"https:\/\/espanolcontacto.unirioja.es\/wp-content\/uploads\/2018\/05\/Agonalidad_Programm.pdf\"><span style=\"color: #000000;\"><strong>Programa<\/strong><\/span><\/a><\/p>\n<p>&nbsp;<\/p>\n<p style=\"text-align: center;\">[FSL id=1599]<\/p>\n","protected":false},"excerpt":{"rendered":"<p>CONGRESO AGONALIDAD Y RITUALIDAD: DOS DESAF\u00cdOS DE LOS CONCEPTOS SINCRONIZACI\u00d3N Y RESONANCIA Jornadas Internacionales en la Albert-Ludwigs-Universit\u00e4t Freibug \/ FRIAS\u00a0(Freiburg Institute\u00a0for Advanced Studies) Fecha: 2 y 3 de mayo de 2018 Dentro del marco del proyecto &#8220;Synchronization in Embodied Interaction&#8221; perteneciente al Freiburg Institute for Advanced Studies (FRIAS) en la<\/p>\n","protected":false},"author":1,"featured_media":0,"comment_status":"closed","ping_status":"closed","sticky":false,"template":"","format":"standard","meta":{"footnotes":""},"categories":[5],"tags":[30,31,39,88,139,174],"_links":{"self":[{"href":"https:\/\/espanolcontacto.unirioja.es\/index.php\/wp-json\/wp\/v2\/posts\/1598"}],"collection":[{"href":"https:\/\/espanolcontacto.unirioja.es\/index.php\/wp-json\/wp\/v2\/posts"}],"about":[{"href":"https:\/\/espanolcontacto.unirioja.es\/index.php\/wp-json\/wp\/v2\/types\/post"}],"author":[{"embeddable":true,"href":"https:\/\/espanolcontacto.unirioja.es\/index.php\/wp-json\/wp\/v2\/users\/1"}],"replies":[{"embeddable":true,"href":"https:\/\/espanolcontacto.unirioja.es\/index.php\/wp-json\/wp\/v2\/comments?post=1598"}],"version-history":[{"count":0,"href":"https:\/\/espanolcontacto.unirioja.es\/index.php\/wp-json\/wp\/v2\/posts\/1598\/revisions"}],"wp:attachment":[{"href":"https:\/\/espanolcontacto.unirioja.es\/index.php\/wp-json\/wp\/v2\/media?parent=1598"}],"wp:term":[{"taxonomy":"category","embeddable":true,"href":"https:\/\/espanolcontacto.unirioja.es\/index.php\/wp-json\/wp\/v2\/categories?post=1598"},{"taxonomy":"post_tag","embeddable":true,"href":"https:\/\/espanolcontacto.unirioja.es\/index.php\/wp-json\/wp\/v2\/tags?post=1598"}],"curies":[{"name":"wp","href":"https:\/\/api.w.org\/{rel}","templated":true}]}}