{"id":1026,"date":"2017-11-10T12:33:27","date_gmt":"2017-11-10T12:33:27","guid":{"rendered":"https:\/\/espanolcontacto.unirioja.es\/?p=1026"},"modified":"2017-11-10T12:33:27","modified_gmt":"2017-11-10T12:33:27","slug":"lenguas-ancestrales-ecuador","status":"publish","type":"post","link":"https:\/\/espanolcontacto.unirioja.es\/index.php\/2017\/11\/10\/lenguas-ancestrales-ecuador\/","title":{"rendered":"Conferencia Voces, conocimientos ancestrales y nuevas tecnolog\u00edas. Universidad Cat\u00f3lica, Quito"},"content":{"rendered":"<h1><em>DOCUMENTACI\u00d3N Y REVITALIZACI\u00d3N DE LENGUAS ANCESTRALES<\/em><\/h1>\n<p align=\"justify\"><span style=\"color: #000000;\">La acad\u00e9mica Marleen Haboud, motivada por la\u00a0documentaci\u00f3n y revitalizaci\u00f3n de lenguas ancestrales de las lenguas nativas, ha liderado en la \u00faltima d\u00e9cada el proyecto socioling\u00fc\u00edstico <em>Oralidad Modernidad<\/em> que ha estudiado, por medio de entrevistas socioling\u00fc\u00edsticas georeferenciadas, conversaciones libres, observaciones y narrativas, cu\u00e1l es la vitalidad de 12 de las 13 lenguas ind\u00edgenas habladas en Ecuador. Durante este proceso \u201cintensamente participativo\u201d se encontr\u00f3 la tendencia generalizada al desplazamiento de las lenguas que se reemplazan por el castellano, pero tambi\u00e9n \u00a0c\u00f3mo muchos hablantes empezaron a enorgullecerse de su identidad y buscaron hablar con sus padres y abuelos para reencontrase con su \u201cherencia cultural y su historia que desconoc\u00edan\u201d.\u00a0 <\/span><\/p>\n<figure id=\"attachment_1032\" aria-describedby=\"caption-attachment-1032\" style=\"width: 408px\" class=\"wp-caption alignleft\"><a href=\"https:\/\/espanolcontacto.unirioja.es\/wp-content\/uploads\/2017\/11\/Virgina-Farinango-Imbabura_Conferencia-inagural.png\"><img fetchpriority=\"high\" decoding=\"async\" class=\" wp-image-1032\" src=\"https:\/\/espanolcontacto.unirioja.es\/wp-content\/uploads\/2017\/11\/Virgina-Farinango-Imbabura_Conferencia-inagural-300x161.png\" alt=\"Virgina Farinango Imbabura_Conferencia inagural lenguas ancestrales ecuador\" width=\"408\" height=\"218\" srcset=\"https:\/\/espanolcontacto.unirioja.es\/wp-content\/uploads\/2017\/11\/Virgina-Farinango-Imbabura_Conferencia-inagural-300x161.png 300w, https:\/\/espanolcontacto.unirioja.es\/wp-content\/uploads\/2017\/11\/Virgina-Farinango-Imbabura_Conferencia-inagural-768x411.png 768w, https:\/\/espanolcontacto.unirioja.es\/wp-content\/uploads\/2017\/11\/Virgina-Farinango-Imbabura_Conferencia-inagural.png 800w\" sizes=\"(max-width: 408px) 100vw, 408px\" \/><\/a><figcaption id=\"caption-attachment-1032\" class=\"wp-caption-text\">Virginia Farinango en la inauguraci\u00f3n<\/figcaption><\/figure>\n<p align=\"justify\"><span style=\"color: #000000;\">As\u00ed, ante la motivaci\u00f3n por revitalizar las lenguas, el proyecto <em>Oralidad Modernidad<\/em>, en trabajo conjunto con comunidades del pa\u00eds, ha impulsado estrategias de documentaci\u00f3n y revitalizaci\u00f3n de lenguas ancestrales. Una de las m\u00e1s recientes, el proyecto <em>Voces andinas y conocimientos ancestrales<\/em> (Fase I) ha sido posible gracias al co-auspicio de la Embajada de los Estados Unidos y se ha desarrollado en las provincias de Imbabura y Cotopaxi, con la creaci\u00f3n de un l\u00e9xico etnogr\u00e1fico que recoge narrativas sobre los saberes ancestrales relacionadas con el uso de plantas medicinales y la salud.\u00a0 Este proyecto se hizo p\u00fablico durante los d\u00edas 26, 27 y 28 de octubre con una serie de conferencias y talleres &#8211;<\/span><a title=\"Seminario-taller sobre revitalizaci\u00f3n ling\u00fc\u00edstica. Voces ancestrales y nuevas tecnolog\u00edas en Pontificia Universidad Cat\u00f3lica del Ecuador. 26 y 27 de octubre\" href=\"https:\/\/espanolcontacto.unirioja.es\/voces-ancestrales-nuevas-tecnologias\/\">Seminario-taller sobre revitalizaci\u00f3n ling\u00fc\u00edstica. Voces ancestrales y nuevas tecnolog\u00edas<\/a><span style=\"color: #000000;\">&#8211;<\/span><a title=\"Seminario-taller sobre revitalizaci\u00f3n ling\u00fc\u00edstica. Voces ancestrales y nuevas tecnolog\u00edas en Pontificia Universidad Cat\u00f3lica del Ecuador. 26 y 27 de octubre\" href=\"https:\/\/espanolcontacto.unirioja.es\/voces-ancestrales-nuevas-tecnologias\/\">\u00a0<\/a><span style=\"color: #000000;\">que tuvieron lugar en la Universidad Cat\u00f3lica de Quito y en el Auditorio Municipal de La Esperanza en la provincia de Imbabura.<\/span><\/p>\n<p align=\"justify\"><span style=\"color: #000000;\">Ernesto y Alfonso Farinango, del equipo Imbabura, comentaron: \u201cgracias al uso de un software ling\u00fc\u00edstico y audiovisuales, hemos registrado con entrevistas y conversaciones con personas mayores, alrededor de 107 plantas.\u00a0 Este incluye la denominaci\u00f3n en kichwa y castellano, los usos medicinales, alimenticios y ornamentales\u201d. \u201cNo solo se ha ido perdiendo el Kichwa, sino tambi\u00e9n la vestimenta, alimentaci\u00f3n, y el cuidado de la salud. Antes se curaba con plantas, un conocimiento ancestral que\u00a0es nuestro patrimonio\u201d.<\/span><\/p>\n<p align=\"justify\"><img decoding=\"async\" class=\"wp-image-1027 aligncenter\" src=\"https:\/\/espanolcontacto.unirioja.es\/wp-content\/uploads\/2017\/11\/diccionario_Kichwa-local_Kichwa-unificado_Castellano.png\" alt=\"Documentaci\u00f3n y revitalizaci\u00f3n de lenguas ancestrales muestra diccionario kichwa\" width=\"815\" height=\"440\" srcset=\"https:\/\/espanolcontacto.unirioja.es\/wp-content\/uploads\/2017\/11\/diccionario_Kichwa-local_Kichwa-unificado_Castellano.png 848w, https:\/\/espanolcontacto.unirioja.es\/wp-content\/uploads\/2017\/11\/diccionario_Kichwa-local_Kichwa-unificado_Castellano-300x162.png 300w, https:\/\/espanolcontacto.unirioja.es\/wp-content\/uploads\/2017\/11\/diccionario_Kichwa-local_Kichwa-unificado_Castellano-768x414.png 768w\" sizes=\"(max-width: 815px) 100vw, 815px\" \/><\/p>\n<p align=\"justify\"><span style=\"color: #000000;\">Elsa Toaquiza y Francisco Lutuala (Cotopaxi) mostraron un trabajo similar en su regi\u00f3n, en donde encontraron otras plantas que se usan sobre los 4.000 metros de altura. Ambos equipos han trabajado juntos intercambiado destrezas y conocimientos. Pr\u00f3ximamente, el p\u00fablico podr\u00e1 acceder a este material en la web del proyecto\u00a0<\/span><em><a href=\"https:\/\/oralidadmodernidad.wixsite.com\/mistio\/voces-andinas\">Voces andinas y\u00a0conocimientos ancestrales para la revitalizaci\u00f3n\u00a0ling\u00fc\u00edstica<\/a><\/em><span style=\"color: #000000;\">, y enriquecerlo directamente con otros conocimientos que les dieron sus abuelos.<\/span><\/p>\n<p align=\"justify\"><span style=\"color: #000000;\">En el evento particip\u00f3 la profesora Jenny Davis (Universidad de Illinois), del pueblo ind\u00edgena Chickasaw, quien aplaudi\u00f3 el trabajado realizado y coment\u00f3: \u201cvivimos situaciones parecidas con los pueblos ind\u00edgenas de Estados Unidos. Nosotros hemos trabajado duramente para recuperar nuestra identidad\u201d.<\/span><\/p>\n<p align=\"justify\"><span style=\"color: #000000;\">Durante la conferencia inaugural, Haboud mostr\u00f3 otros productos como cuentos y leyendas multiling\u00fces, testimonios audiovisuales y dibujos animados culturalmente pertinentes ya entregados a las comunidades en festivales interculturales, y finalmente invit\u00f3 a todos a unirse a este esfuerzo y a \u201cvivir la diversidad y la interculturalidad plenamente\u201d.<\/span><\/p>\n<figure id=\"attachment_1030\" aria-describedby=\"caption-attachment-1030\" style=\"width: 521px\" class=\"wp-caption alignleft\"><a href=\"https:\/\/espanolcontacto.unirioja.es\/wp-content\/uploads\/2017\/11\/Clausura-Quito.jpg\"><img decoding=\"async\" class=\" wp-image-1030\" src=\"https:\/\/espanolcontacto.unirioja.es\/wp-content\/uploads\/2017\/11\/Clausura-Quito-300x225.jpg\" alt=\"\" width=\"521\" height=\"391\" srcset=\"https:\/\/espanolcontacto.unirioja.es\/wp-content\/uploads\/2017\/11\/Clausura-Quito-300x225.jpg 300w, https:\/\/espanolcontacto.unirioja.es\/wp-content\/uploads\/2017\/11\/Clausura-Quito-768x576.jpg 768w, https:\/\/espanolcontacto.unirioja.es\/wp-content\/uploads\/2017\/11\/Clausura-Quito-1024x768.jpg 1024w\" sizes=\"(max-width: 521px) 100vw, 521px\" \/><\/a><figcaption id=\"caption-attachment-1030\" class=\"wp-caption-text\">Clausura del Seminario-taller en Quito<\/figcaption><\/figure>\n<figure id=\"attachment_1031\" aria-describedby=\"caption-attachment-1031\" style=\"width: 521px\" class=\"wp-caption alignright\"><a href=\"https:\/\/espanolcontacto.unirioja.es\/wp-content\/uploads\/2017\/11\/DSC02157.jpg\"><img loading=\"lazy\" decoding=\"async\" class=\" wp-image-1031\" src=\"https:\/\/espanolcontacto.unirioja.es\/wp-content\/uploads\/2017\/11\/DSC02157-300x225.jpg\" alt=\"Plantas diccionario kichwa Ecuador revitalizaci\u00f3n de lenguas\" width=\"521\" height=\"391\" srcset=\"https:\/\/espanolcontacto.unirioja.es\/wp-content\/uploads\/2017\/11\/DSC02157-300x225.jpg 300w, https:\/\/espanolcontacto.unirioja.es\/wp-content\/uploads\/2017\/11\/DSC02157-768x576.jpg 768w, https:\/\/espanolcontacto.unirioja.es\/wp-content\/uploads\/2017\/11\/DSC02157-1024x768.jpg 1024w\" sizes=\"(max-width: 521px) 100vw, 521px\" \/><\/a><figcaption id=\"caption-attachment-1031\" class=\"wp-caption-text\">Plantas del diccionario etnogr\u00e1fico de kichwa<\/figcaption><\/figure>\n<p>&nbsp;<\/p>\n<p>&nbsp;<\/p>\n<p align=\"justify\"><span style=\"color: #000000;\">Entre el 12 y el 20 de noviembre, el equipo de <a href=\"https:\/\/oralidadmodernidad.wixsite.com\/mistio\/voces-andinas\"><em>Voces andinas y conocimientos ancestrales<\/em><\/a>\u00a0liderado por Haboud, dictar\u00e1 conferencias y talleres en las Universidades de <a href=\"https:\/\/today.wisc.edu\/events\/view\/114881?utm_content=buffercf0b8&amp;utm_medium=social&amp;utm_source=twitter.com&amp;utm_campaign=buffer\">Wisconsin Madison<\/a> y la<a href=\"http:\/\/calendars.illinois.edu\/detail\/45?eventId=33283700\"> Universidad de Illinois en Urbana-Champaign<\/a>.\u00a0 \u00a1Les deseamos \u00e9xitos!<\/span><\/p>\n","protected":false},"excerpt":{"rendered":"<p>DOCUMENTACI\u00d3N Y REVITALIZACI\u00d3N DE LENGUAS ANCESTRALES La acad\u00e9mica Marleen Haboud, motivada por la\u00a0documentaci\u00f3n y revitalizaci\u00f3n de lenguas ancestrales de las lenguas nativas, ha liderado en la \u00faltima d\u00e9cada el proyecto socioling\u00fc\u00edstico Oralidad Modernidad que ha estudiado, por medio de entrevistas socioling\u00fc\u00edsticas georeferenciadas, conversaciones libres, observaciones y narrativas, cu\u00e1l es la<\/p>\n","protected":false},"author":1,"featured_media":0,"comment_status":"closed","ping_status":"closed","sticky":false,"template":"","format":"standard","meta":{"footnotes":""},"categories":[5],"tags":[55,56,57,58,67,77,81,109,115,157,158,159,160,161],"_links":{"self":[{"href":"https:\/\/espanolcontacto.unirioja.es\/index.php\/wp-json\/wp\/v2\/posts\/1026"}],"collection":[{"href":"https:\/\/espanolcontacto.unirioja.es\/index.php\/wp-json\/wp\/v2\/posts"}],"about":[{"href":"https:\/\/espanolcontacto.unirioja.es\/index.php\/wp-json\/wp\/v2\/types\/post"}],"author":[{"embeddable":true,"href":"https:\/\/espanolcontacto.unirioja.es\/index.php\/wp-json\/wp\/v2\/users\/1"}],"replies":[{"embeddable":true,"href":"https:\/\/espanolcontacto.unirioja.es\/index.php\/wp-json\/wp\/v2\/comments?post=1026"}],"version-history":[{"count":0,"href":"https:\/\/espanolcontacto.unirioja.es\/index.php\/wp-json\/wp\/v2\/posts\/1026\/revisions"}],"wp:attachment":[{"href":"https:\/\/espanolcontacto.unirioja.es\/index.php\/wp-json\/wp\/v2\/media?parent=1026"}],"wp:term":[{"taxonomy":"category","embeddable":true,"href":"https:\/\/espanolcontacto.unirioja.es\/index.php\/wp-json\/wp\/v2\/categories?post=1026"},{"taxonomy":"post_tag","embeddable":true,"href":"https:\/\/espanolcontacto.unirioja.es\/index.php\/wp-json\/wp\/v2\/tags?post=1026"}],"curies":[{"name":"wp","href":"https:\/\/api.w.org\/{rel}","templated":true}]}}